{"id":1522,"date":"2007-12-24T13:20:42","date_gmt":"2007-12-24T12:20:42","guid":{"rendered":"https:\/\/ambtunisi.esteri.it\/news\/dall_ambasciata\/2007\/12\/commissione-mista-2\/"},"modified":"2007-12-24T13:20:42","modified_gmt":"2007-12-24T12:20:42","slug":"commissione-mista-2","status":"publish","type":"post","link":"https:\/\/ambtunisi.esteri.it\/fr\/news\/dall_ambasciata\/2007\/12\/commissione-mista-2\/","title":{"rendered":"Tunis \u2013 8 Mars. L&rsquo;Ambassadeur d&rsquo;Italie \u00e0 Tunis, Raimondo De Cardona, a rencontr\u00e9 aujourd&rsquo;hui l&rsquo;Avocat Abdessatar Ben Moussa"},"content":{"rendered":"<p>Tunis \u2013 8 Mars. L&rsquo;Ambassadeur d&rsquo;Italie \u00e0 Tunis, Raimondo De Cardona, a rencontr\u00e9 aujourd&rsquo;hui l&rsquo;Avocat Abdessatar Ben Moussa, Pr\u00e9sident de la Ligue Tunisienne des Droits de l&rsquo;Homme (LTDH), Prix Nobel de la Paix 2015. Au cours de la r\u00e9union, l\u2019Ambassadeur De Cardona a annonc\u00e9 l&rsquo;initiative d&rsquo;accueillir bient\u00f4t un Jardin des Justes dans l&rsquo;Ambassade d&rsquo;Italie \u00e0 Tunis, \u00e0 savoir un jardin d\u00e9di\u00e9 aux Justes qui, dans le monde, se sont oppos\u00e9s avec responsabilit\u00e9 individuelle aux crimes contre l&rsquo;humanit\u00e9 et aux totalitarismes. M. Ben Moussa a adh\u00e9r\u00e9 \u00e0 l\u2019initiative et \u00e0 coop\u00e9rer avec l&rsquo;Ambassade d&rsquo;Italie afin d\u2019identifier les personnes qui m\u00e9ritent d&rsquo;\u00eatre c\u00e9l\u00e9br\u00e9es dans le Jardin. Pour chacun d&rsquo;eux, il sera consacr\u00e9 un arbre. Le projet est encourag\u00e9 en collaboration avec Gariwo, organisme sans but lucratif, promoteur de la constitution de nombreux Jardins des Justes en Italie et dans le monde. La Tunisie sera le premier Pays arabe \u00e0 accueillir un Jardin des Justes. L&rsquo;initiative avait \u00e9t\u00e9 proclam\u00e9e aujourd&rsquo;hui par le Ministre italien des Affaires \u00e9trang\u00e8res et de la Coop\u00e9ration internationale, Paolo Gentiloni, avec un message transmis lors de la c\u00e9r\u00e9monie d&rsquo;inauguration de six nouveaux arbres dans le Jardin des Justes de Milan \u00e0 l&rsquo;occasion de la Journ\u00e9e de la Femme. \u00abNous avons pens\u00e9 \u00e0 la Tunisie comme lieu particuli\u00e8rement symbolique et Pays crucial dans le c\u0153ur de la M\u00e9diterran\u00e9e\u00bb, a soulign\u00e9 le Ministre Gentiloni.<\/p>\n","protected":false},"excerpt":{"rendered":"Tunis \u2013 8 Mars. L&rsquo;Ambassadeur d&rsquo;Italie \u00e0 Tunis, Raimondo De Cardona, a rencontr\u00e9 aujourd&rsquo;hui l&rsquo;Avocat Abdessatar Ben Moussa, Pr\u00e9sident de la Ligue Tunisienne des Droits de l&rsquo;Homme (LTDH), Prix Nobel de la Paix 2015. Au cours de la r\u00e9union, l\u2019Ambassadeur De Cardona a annonc\u00e9 l&rsquo;initiative d&rsquo;accueillir bient\u00f4t un Jardin des Justes dans l&rsquo;Ambassade d&rsquo;Italie \u00e0 [&hellip;]","protected":false},"author":1,"featured_media":0,"comment_status":"","ping_status":"","sticky":false,"template":"","format":"standard","meta":{"footnotes":""},"tags":[],"class_list":["post-1522","post","type-post","status-publish","format-standard","hentry"],"_links":{"self":[{"href":"https:\/\/ambtunisi.esteri.it\/fr\/wp-json\/wp\/v2\/posts\/1522","targetHints":{"allow":["GET"]}}],"collection":[{"href":"https:\/\/ambtunisi.esteri.it\/fr\/wp-json\/wp\/v2\/posts"}],"about":[{"href":"https:\/\/ambtunisi.esteri.it\/fr\/wp-json\/wp\/v2\/types\/post"}],"author":[{"embeddable":true,"href":"https:\/\/ambtunisi.esteri.it\/fr\/wp-json\/wp\/v2\/users\/1"}],"replies":[{"embeddable":true,"href":"https:\/\/ambtunisi.esteri.it\/fr\/wp-json\/wp\/v2\/comments?post=1522"}],"version-history":[{"count":0,"href":"https:\/\/ambtunisi.esteri.it\/fr\/wp-json\/wp\/v2\/posts\/1522\/revisions"}],"wp:attachment":[{"href":"https:\/\/ambtunisi.esteri.it\/fr\/wp-json\/wp\/v2\/media?parent=1522"}],"wp:term":[{"taxonomy":"post_tag","embeddable":true,"href":"https:\/\/ambtunisi.esteri.it\/fr\/wp-json\/wp\/v2\/tags?post=1522"}],"curies":[{"name":"wp","href":"https:\/\/api.w.org\/{rel}","templated":true}]}}