{"id":3908,"date":"2026-08-31T12:51:13","date_gmt":"2026-08-31T11:51:13","guid":{"rendered":"https:\/\/ambtunisi.esteri.it\/?p=3908"},"modified":"2026-08-31T12:51:13","modified_gmt":"2026-08-31T11:51:13","slug":"elezioni-dei-com-it-es-2026-sottoscrizioni-e-autentiche-delle-firme","status":"publish","type":"post","link":"https:\/\/ambtunisi.esteri.it\/it\/news\/dall_ambasciata\/2026\/08\/elezioni-dei-com-it-es-2026-sottoscrizioni-e-autentiche-delle-firme\/","title":{"rendered":"Elezioni dei COM.IT.ES 2026 &#8211; Sottoscrizioni e autentiche delle firme"},"content":{"rendered":"<p>Ai sensi della normativa vigente (art. 13, comma 1, Legge 286\/2003), i sottoscrittori delle liste devono essere <u>residenti nella circoscrizione<\/u> consolare da almeno <u>sei mesi<\/u> e risultare negli <u>elenchi elettori<\/u> per le elezioni dei Com.It.Es. I sottoscrittori <strong>non possono essere candidati e non possono sottoscrivere pi\u00f9 di una lista, <\/strong><strong>pena la nullit\u00e0 della sottoscrizione.<\/strong><\/p>\n<p>L\u2019art. 15, comma 3, della L. 286\/2003 stabilisce che le liste di candidati sono sottoscritte da un numero di elettori:<\/p>\n<ul>\n<li>non inferiore a<strong> 100 <\/strong>per le collettivit\u00e0 composte da un numero di cittadini italiani residenti <strong>fino a<\/strong> <strong>50.000;<\/strong><\/li>\n<li>non inferiore a<strong> 200 <\/strong>per quelle composte da un numero <strong>superiore<\/strong> <strong>a 50.000<\/strong>.<\/li>\n<\/ul>\n<p>Per ogni sottoscrittore va indicato:<\/p>\n<ul>\n<li>cognome;<\/li>\n<li>nome;<\/li>\n<li>luogo e la data di nascita.<\/li>\n<\/ul>\n<p>Ai sensi della legislazione in vigore, <strong>le firme possono essere autenticate solo dagli Uffici consolari di I categoria<\/strong>, con esclusione quindi dei Consoli Onorari. L\u2019autentica \u00e8 sempre gratuita (art. 34 del DPR 395\/2003).<\/p>\n<p>Al fine di agevolare la sottoscrizione delle liste e le relative autentiche, gli interessati potranno recarsi presso l\u2019Ambasciata negli orari di apertura dedicati \u00ad\u00ad\u00ad\u00ad(i <strong>luned\u00ec, mercoled\u00ec e venerd\u00ec dalle ore 14:00 alle ore 15:00<\/strong>). Per ulteriori informazioni, \u00e8 possibile contattare l\u2019Ambasciata all\u2019indirizzo e-mail <strong>aire.tunisi@esteri.it<\/strong>.<\/p>\n<p>Al momento della firma, il sottoscrittore dovr\u00e0 essere identificato tramite un documento di riconoscimento (passaporto o carta d\u2019identit\u00e0), purch\u00e9 munito di fotografia del titolare e rilasciato da una pubblica amministrazione italiana o di altri Stati.<\/p>\n","protected":false},"excerpt":{"rendered":"Ai sensi della normativa vigente (art. 13, comma 1, Legge 286\/2003), i sottoscrittori delle liste devono essere residenti nella circoscrizione consolare da almeno sei mesi e risultare negli elenchi elettori per le elezioni dei Com.It.Es. I sottoscrittori non possono essere candidati e non possono sottoscrivere pi\u00f9 di una lista, pena la nullit\u00e0 della sottoscrizione. L\u2019art. [&hellip;]","protected":false},"author":8,"featured_media":0,"comment_status":"closed","ping_status":"closed","sticky":false,"template":"","format":"standard","meta":{"footnotes":""},"tags":[],"class_list":["post-3908","post","type-post","status-publish","format-standard","hentry"],"_links":{"self":[{"href":"https:\/\/ambtunisi.esteri.it\/it\/wp-json\/wp\/v2\/posts\/3908","targetHints":{"allow":["GET"]}}],"collection":[{"href":"https:\/\/ambtunisi.esteri.it\/it\/wp-json\/wp\/v2\/posts"}],"about":[{"href":"https:\/\/ambtunisi.esteri.it\/it\/wp-json\/wp\/v2\/types\/post"}],"author":[{"embeddable":true,"href":"https:\/\/ambtunisi.esteri.it\/it\/wp-json\/wp\/v2\/users\/8"}],"replies":[{"embeddable":true,"href":"https:\/\/ambtunisi.esteri.it\/it\/wp-json\/wp\/v2\/comments?post=3908"}],"version-history":[{"count":1,"href":"https:\/\/ambtunisi.esteri.it\/it\/wp-json\/wp\/v2\/posts\/3908\/revisions"}],"predecessor-version":[{"id":3910,"href":"https:\/\/ambtunisi.esteri.it\/it\/wp-json\/wp\/v2\/posts\/3908\/revisions\/3910"}],"wp:attachment":[{"href":"https:\/\/ambtunisi.esteri.it\/it\/wp-json\/wp\/v2\/media?parent=3908"}],"wp:term":[{"taxonomy":"post_tag","embeddable":true,"href":"https:\/\/ambtunisi.esteri.it\/it\/wp-json\/wp\/v2\/tags?post=3908"}],"curies":[{"name":"wp","href":"https:\/\/api.w.org\/{rel}","templated":true}]}}