{"id":564,"date":"2023-10-05T10:53:42","date_gmt":"2023-10-05T09:53:42","guid":{"rendered":"https:\/\/ambtunisi.esteri.it\/news\/dall_ambasciata\/2023\/10\/l-ambasciatore-fabrizio-saggio\/"},"modified":"2023-10-05T10:53:42","modified_gmt":"2023-10-05T09:53:42","slug":"l-ambasciatore-fabrizio-saggio","status":"publish","type":"post","link":"https:\/\/ambtunisi.esteri.it\/it\/news\/dall_ambasciata\/2023\/10\/l-ambasciatore-fabrizio-saggio\/","title":{"rendered":"L\u2019AMBASCIATORE FABRIZIO SAGGIO INAUGURA A TUNISI LA VII EDIZIONE DELLA GIORNATA DEL DESIGN ITALIANO"},"content":{"rendered":"<p style=\"text-align: justify;\">L\u2019Ambasciatore d\u2019Italia a Tunisi ha inaugurato oggi la settima edizione dell\u2019Italian Design Day, la manifestazione nata nel 2017 e organizzata dal Ministero degli Affari Esteri e della Cooperazione Internazionale italiano per promuovere all\u2019estero le eccellenze italiane dell\u2019arredo, dell\u2019architettura e del design.<\/p>\n<p style=\"text-align: justify;\">L\u2019edizione di quest\u2019anno, dedicata al tema \u201cLa qualit\u00e0 che illumina \u2013 L\u2019energia del design per le persone e per l\u2019ambiente\u201d, ha visto la partecipazione in qualit\u00e0 di ospite d\u2019onore il Maestro della luce Mario Nanni \u2013 progettista, artista e artigiano riconosciuto a livello internazionale per la sua capacit\u00e0 di mettere in relazione diretta arti, discipline del sapere e luce. La partecipazione del Maestro Nanni si \u00e8 declinata in due lezioni-evento: l\u20198 marzo presso l\u2019 Hub Design di Den Den \u2013 centro per designer, artigiani e creatori di moda realizzato con il contributo della Cooperazione Italiana \u2013 e il 9 marzo all\u2019Ecole Nationale d\u2019Architecture et d\u2019Urbanisme di Sidi Bou Said. Nel corso dei suoi interventi il Maestro ha dichiarato \u201csolo quando tutte le arti si uniscono, si raggiunge l\u2019incanto e tutto diventa poesia, poesia di luceuniversale\u201d.<\/p>\n<p style=\"text-align: justify;\">Nell\u2019inaugurare le celebrazioni, l\u2019Ambasciatore Saggio ha affermato: \u201cil design non \u00e8 solo uno degli elementi iconici del Made in Italy, ma anche una sintesi efficace della nostra identit\u00e0 nazionale, capace di unire e far dialogare tradizioni culturali e competenze artistiche, creativit\u00e0 e spirito di innovazione\u201d. Ricordando poi che il design \u00e8 un settore nel quale l\u2019Italia ha il maggior numero di imprese in Europa, che producono un valore aggiunto di 3 miliardi di euro, l\u2019Ambasciatore Saggio ha messo in luce le opportunit\u00e0 che da tale settore derivano per rafforzare la cooperazione italo-tunisina, come dimostrato dal progetto \u201cCreative Tunisia\u201d, cofinanziato dalla Cooperazione italiana per la promozione dell&#8217;artigianato tunisino e per la sua valorizzazione in quanto patriomonio culturale.<\/p>\n<p style=\"text-align: justify;\">A conclusione del suo intervento l\u2019Ambasciatore Saggio ha evidenziato: \u201cIl design italiano \u00e8 da sempre uno straordinario laboratorio di ricerca e innovazione in sintonia con le persone e il territorio. Tematiche al centro della candidatura di Roma a Expo 2030\u201d.<\/p>\n<p style=\"text-align: justify;\">Ricordiamo che i due eventi organizzati dall\u2019Ambasciata d\u2019Italia a Tunisi sono accompagnati dall\u2019allestimento della mostra \u201cLight ON MADE in ITALY\u201d, che rester\u00e0 esposta all\u2019Ecole Nationale d\u2019Architecture et d\u2019Urbanisme fino al prossimo 20 marzo.<\/p>\n","protected":false},"excerpt":{"rendered":"L\u2019Ambasciatore d\u2019Italia a Tunisi ha inaugurato oggi la settima edizione dell\u2019Italian Design Day, la manifestazione nata nel 2017 e organizzata dal Ministero degli Affari Esteri e della Cooperazione Internazionale italiano per promuovere all\u2019estero le eccellenze italiane dell\u2019arredo, dell\u2019architettura e del design. L\u2019edizione di quest\u2019anno, dedicata al tema \u201cLa qualit\u00e0 che illumina \u2013 L\u2019energia del design [&hellip;]","protected":false},"author":1,"featured_media":0,"comment_status":"","ping_status":"","sticky":false,"template":"","format":"standard","meta":{"footnotes":""},"tags":[],"class_list":["post-564","post","type-post","status-publish","format-standard","hentry"],"_links":{"self":[{"href":"https:\/\/ambtunisi.esteri.it\/it\/wp-json\/wp\/v2\/posts\/564","targetHints":{"allow":["GET"]}}],"collection":[{"href":"https:\/\/ambtunisi.esteri.it\/it\/wp-json\/wp\/v2\/posts"}],"about":[{"href":"https:\/\/ambtunisi.esteri.it\/it\/wp-json\/wp\/v2\/types\/post"}],"author":[{"embeddable":true,"href":"https:\/\/ambtunisi.esteri.it\/it\/wp-json\/wp\/v2\/users\/1"}],"replies":[{"embeddable":true,"href":"https:\/\/ambtunisi.esteri.it\/it\/wp-json\/wp\/v2\/comments?post=564"}],"version-history":[{"count":0,"href":"https:\/\/ambtunisi.esteri.it\/it\/wp-json\/wp\/v2\/posts\/564\/revisions"}],"wp:attachment":[{"href":"https:\/\/ambtunisi.esteri.it\/it\/wp-json\/wp\/v2\/media?parent=564"}],"wp:term":[{"taxonomy":"post_tag","embeddable":true,"href":"https:\/\/ambtunisi.esteri.it\/it\/wp-json\/wp\/v2\/tags?post=564"}],"curies":[{"name":"wp","href":"https:\/\/api.w.org\/{rel}","templated":true}]}}