{"id":565,"date":"2023-09-25T12:18:10","date_gmt":"2023-09-25T11:18:10","guid":{"rendered":"https:\/\/ambtunisi.esteri.it\/news\/dall_ambasciata\/2023\/09\/apertura-di-un-libro-di-condoglianze_0\/"},"modified":"2023-09-25T12:18:10","modified_gmt":"2023-09-25T11:18:10","slug":"apertura-di-un-libro-di-condoglianze_0","status":"publish","type":"post","link":"https:\/\/ambtunisi.esteri.it\/it\/news\/dall_ambasciata\/2023\/09\/apertura-di-un-libro-di-condoglianze_0\/","title":{"rendered":"APERTURA DI UN LIBRO DI CONDOGLIANZE PER LA SCOMPARSA DEL PRESIDENTE EMERITO DELLA REPUBBLICA, SENATORE GIORGIO NAPOLITANO"},"content":{"rendered":"<p>L\u2019Ambasciata d\u2019Italia a Tunisi informa che sar\u00e0 aperto un libro di condoglianze in occasione delle esequie di Stato del Presidente Emerito della Repubblica, Senatore Giorgio Napolitano.<\/p>\n<p>Si riportano di seguito l\u2019indirizzo e l\u2019orario di apertura:<\/p>\n<p>\u2022 Da marted\u00ec 26 settembre a venerd\u00ec 29 settembre 2023 dalle ore 09:00 alle ore 16:00.<\/p>\n<p>\u2022 Luned\u00ec 02 ottobre 2023 dalle ore 09:00 alle ore 16:00.<\/p>\n<p>\u2022 1, Rue de Florence &#8211; 1002 Mutuelleville &#8211; Tunisi<\/p>\n<p>L\u2019Ambasciata d\u2019Italia a Tunisi informa altres\u00ec che fino alle ore 16:00 di luned\u00ec 02 ottobre, sar\u00e0 possibile inviare un eventuale messaggio di cordoglio anche via mail all\u2019indirizzo di posta elettronica stampa.tunisi@esteri.it.<\/p>\n","protected":false},"excerpt":{"rendered":"L\u2019Ambasciata d\u2019Italia a Tunisi informa che sar\u00e0 aperto un libro di condoglianze in occasione delle esequie di Stato del Presidente Emerito della Repubblica, Senatore Giorgio Napolitano. Si riportano di seguito l\u2019indirizzo e l\u2019orario di apertura: \u2022 Da marted\u00ec 26 settembre a venerd\u00ec 29 settembre 2023 dalle ore 09:00 alle ore 16:00. \u2022 Luned\u00ec 02 ottobre [&hellip;]","protected":false},"author":1,"featured_media":0,"comment_status":"","ping_status":"","sticky":false,"template":"","format":"standard","meta":{"footnotes":""},"tags":[],"class_list":["post-565","post","type-post","status-publish","format-standard","hentry"],"_links":{"self":[{"href":"https:\/\/ambtunisi.esteri.it\/it\/wp-json\/wp\/v2\/posts\/565","targetHints":{"allow":["GET"]}}],"collection":[{"href":"https:\/\/ambtunisi.esteri.it\/it\/wp-json\/wp\/v2\/posts"}],"about":[{"href":"https:\/\/ambtunisi.esteri.it\/it\/wp-json\/wp\/v2\/types\/post"}],"author":[{"embeddable":true,"href":"https:\/\/ambtunisi.esteri.it\/it\/wp-json\/wp\/v2\/users\/1"}],"replies":[{"embeddable":true,"href":"https:\/\/ambtunisi.esteri.it\/it\/wp-json\/wp\/v2\/comments?post=565"}],"version-history":[{"count":0,"href":"https:\/\/ambtunisi.esteri.it\/it\/wp-json\/wp\/v2\/posts\/565\/revisions"}],"wp:attachment":[{"href":"https:\/\/ambtunisi.esteri.it\/it\/wp-json\/wp\/v2\/media?parent=565"}],"wp:term":[{"taxonomy":"post_tag","embeddable":true,"href":"https:\/\/ambtunisi.esteri.it\/it\/wp-json\/wp\/v2\/tags?post=565"}],"curies":[{"name":"wp","href":"https:\/\/api.w.org\/{rel}","templated":true}]}}